{"id":116,"date":"2018-11-14T14:27:53","date_gmt":"2018-11-14T16:27:53","guid":{"rendered":"http:\/\/conceitoimoveispg.com.br\/blog\/?p=116"},"modified":"2018-11-14T14:35:43","modified_gmt":"2018-11-14T16:35:43","slug":"black-friday-aproveite-os-descontos","status":"publish","type":"post","link":"https:\/\/conceitoimoveispg.com.br\/blog\/black-friday-aproveite-os-descontos\/","title":{"rendered":"Black Friday: como aproveitar bem os descontos oferecidos"},"content":{"rendered":"<p>A Conceito Im\u00f3veis vai aderir a campanha e garante descontos de at\u00e9 R$ 80 mil no valor de im\u00f3veis.<\/p>\n<p>No pr\u00f3ximo dia 23, acontece a tradicional Black Friday, oportunidade para os consumidores adquirirem produtos desejados a pre\u00e7os mais baixos. A Conceito Im\u00f3veis vai aderir a campanha e garante o verdadeiro desconto, convidando o consumidor a verificar, desde j\u00e1, os valores de alugu\u00e9is e vendas de im\u00f3veis pelo site conceitoimoveispg.com.br. L\u00e1 aparecem os valores hoje, e no dia 23, numa nova consulta, os consumidores ir\u00e3o encontrar descontos de at\u00e9 R$ 80 mil na venda de im\u00f3veis. Para a loca\u00e7\u00e3o, foram separados 50% dos im\u00f3veis dispon\u00edveis com descontos. \u201cN\u00f3s vamos fazer a verdadeira Black Friday em respeito aos nossos clientes. Aqui faremos descontos efetivos, com pre\u00e7os atrativos\u201d, diz o diretor Maur\u00edcio Antunes.<\/p>\n<p>Presente no Brasil h\u00e1 alguns anos, a data ainda gera certa desconfian\u00e7a sobre o verdadeiro desconto, que pode ser \u201cmaquiado\u201d, ou seja, apresentar falsos descontos ou aumento de pre\u00e7os para depois oferecer desconto maior, pelo com\u00e9rcio. Contra isso, o Procon de Ponta Grossa e a Associa\u00e7\u00e3o Comercial e Industrial de Ponta Grossa (ACIPG) orientam justamente o que a Conceito prop\u00f4s: a pesquisa dos pre\u00e7os dos produtos antes da data, e ir acompanhando a evolu\u00e7\u00e3o dos pre\u00e7os. \u201c\u00c9 sempre bom ficar atento. Nos anos anteriores vimos em outras imobili\u00e1rias descontos irreais, com valor maior que o custo do pr\u00f3prio im\u00f3vel\u201d, diz Antunes.<\/p>\n<p>De acordo com o Procon, o consumidor tem o direito de exigir que os produtos sejam vendidos exatamente como anunciados. Se isso n\u00e3o acontecer, al\u00e9m da \u201cmaquiagem\u201d de pre\u00e7os pode ser caracterizada como publicidade enganosa e o estabelecimento ser acionado, o consumidor pode reclamar junto ao Procon, ou propor diretamente uma a\u00e7\u00e3o no Juizado Especial. O coordenador do Procon Ponta Grossa, Leonardo Werlang, tamb\u00e9m lembra que as garantias e prazos de entrega de produtos adquiridos na Black Friday s\u00e3o os mesmos. Ou seja, a Black Friday n\u00e3o isenta o fornecedor do cumprimento da legisla\u00e7\u00e3o. Compras tamb\u00e9m nesta data garantem ao consumidor o direito a troca de mercadoria no prazo legal de 30 dias, se ela estiver com defeito. E, caso o problema n\u00e3o seja resolvido, o consumidor pode optar por ser ressarcido do valor gasto na compra.<\/p>\n<p>Mesmo n\u00e3o desenvolvendo nenhuma campanha alusiva ao per\u00edodo de descontos, a ACIPG \u00e9 favor\u00e1vel tanto para o consumidor que tem a oportunidade de comprar o que deseja com pre\u00e7os mais atrativos, como tamb\u00e9m para o com\u00e9rcio, principalmente das lojas f\u00edsicas de Ponta Grossa, que aumentam de maneira expressiva suas vendas. \u201cA principal vantagem na Black Friday \u00e9 aquecer o com\u00e9rcio e movimentar a economia\u201d, salienta a diretora de Com\u00e9rcio da ACIPG, Fl\u00e1via Barrichello.<\/p>\n<h4>Outras recomenda\u00e7\u00f5es, fornecidas pelo Instituto Brasileiro de Defesa do Consumidor (Idec)<\/h4>\n<p>&#8211; Evite comprar por impulso para n\u00e3o comprometer o or\u00e7amento;<\/p>\n<p>&#8211; Em caso de redu\u00e7\u00e3o de pre\u00e7o por defeito no produto, a informa\u00e7\u00e3o deve ser pr\u00e9via e clara. Al\u00e9m disso, o defeito n\u00e3o pode comprometer o funcionamento, a utiliza\u00e7\u00e3o ou a finalidade do produto;<\/p>\n<p>&#8211; Se for adquirir um produto, preste aten\u00e7\u00e3o \u00e0s cl\u00e1usulas do contrato.<\/p>\n","protected":false},"excerpt":{"rendered":"<p>A Conceito Im\u00f3veis vai aderir a campanha e garante descontos de at\u00e9 R$ 80 mil no valor de im\u00f3veis. No pr\u00f3ximo dia 23, acontece a tradicional Black Friday, oportunidade para os consumidores adquirirem produtos desejados a pre\u00e7os mais baixos. A&#8230;<\/p>\n","protected":false},"author":2,"featured_media":120,"comment_status":"open","ping_status":"closed","sticky":false,"template":"","format":"standard","meta":{"footnotes":""},"categories":[16,12,3],"tags":[17,7,13],"class_list":["post-116","post","type-post","status-publish","format-standard","has-post-thumbnail","hentry","category-conceito-imoveis","category-imoveis","category-ramo-imobiliario","tag-black-friday","tag-conceito-imoveis","tag-imoveis"],"_links":{"self":[{"href":"https:\/\/conceitoimoveispg.com.br\/blog\/wp-json\/wp\/v2\/posts\/116","targetHints":{"allow":["GET"]}}],"collection":[{"href":"https:\/\/conceitoimoveispg.com.br\/blog\/wp-json\/wp\/v2\/posts"}],"about":[{"href":"https:\/\/conceitoimoveispg.com.br\/blog\/wp-json\/wp\/v2\/types\/post"}],"author":[{"embeddable":true,"href":"https:\/\/conceitoimoveispg.com.br\/blog\/wp-json\/wp\/v2\/users\/2"}],"replies":[{"embeddable":true,"href":"https:\/\/conceitoimoveispg.com.br\/blog\/wp-json\/wp\/v2\/comments?post=116"}],"version-history":[{"count":1,"href":"https:\/\/conceitoimoveispg.com.br\/blog\/wp-json\/wp\/v2\/posts\/116\/revisions"}],"predecessor-version":[{"id":118,"href":"https:\/\/conceitoimoveispg.com.br\/blog\/wp-json\/wp\/v2\/posts\/116\/revisions\/118"}],"wp:featuredmedia":[{"embeddable":true,"href":"https:\/\/conceitoimoveispg.com.br\/blog\/wp-json\/wp\/v2\/media\/120"}],"wp:attachment":[{"href":"https:\/\/conceitoimoveispg.com.br\/blog\/wp-json\/wp\/v2\/media?parent=116"}],"wp:term":[{"taxonomy":"category","embeddable":true,"href":"https:\/\/conceitoimoveispg.com.br\/blog\/wp-json\/wp\/v2\/categories?post=116"},{"taxonomy":"post_tag","embeddable":true,"href":"https:\/\/conceitoimoveispg.com.br\/blog\/wp-json\/wp\/v2\/tags?post=116"}],"curies":[{"name":"wp","href":"https:\/\/api.w.org\/{rel}","templated":true}]}}