{"id":562,"date":"2022-09-08T09:25:39","date_gmt":"2022-09-08T12:25:39","guid":{"rendered":"https:\/\/conceitoimoveispg.com.br\/blog\/?p=562"},"modified":"2022-09-08T09:25:39","modified_gmt":"2022-09-08T12:25:39","slug":"porque-morar-no-ultimo-andar","status":"publish","type":"post","link":"https:\/\/conceitoimoveispg.com.br\/blog\/porque-morar-no-ultimo-andar\/","title":{"rendered":"Porque morar no \u00faltimo andar"},"content":{"rendered":"\n<p>Muitos de n\u00f3s sonham em viver no \u00faltimo andar de pr\u00e9dios com muitos andares. Essa \u00e9 uma experi\u00eancia imperd\u00edvel que oferece exclusividade em cada detalhe, mas que pode exigir um investimento maior, pois estas s\u00e3o as unidades mais caras dispon\u00edveis.<\/p>\n\n\n\n<p>Outro ponto a considerar \u00e9 que por estar no alto, h\u00e1 certa dificuldade de acesso que pode incomodar aqueles que odeiam a demora para chegar em casa com o elevador ou preferem n\u00e3o pegar escadas diante de problemas t\u00e9cnicos.<\/p>\n\n\n\n<p>No entanto, n\u00e3o h\u00e1 como negar que os benef\u00edcios desse espa\u00e7o superam facilmente as dificuldades. Por esse motivo, trouxemos todos os motivos de esse ser um dos espa\u00e7os favoritos de quem procura um novo lar.<\/p>\n\n\n\n<h2 class=\"wp-block-heading\"><strong>Ventila\u00e7\u00e3o<\/strong><\/h2>\n\n\n\n<p>Com a altura, as correntes de ar s\u00e3o mais fortes. Esse frescor \u00e9 o que traz conforto t\u00e9rmico para os apartamentos no ver\u00e3o. Inclusive, s\u00e3o os principais respons\u00e1veis por afastar a umidade e evitar o surgimento do t\u00e3o odiado mofo.<\/p>\n\n\n\n<h2 class=\"wp-block-heading\"><strong>Sil\u00eancio<\/strong><\/h2>\n\n\n\n<p>Viver no alto garante que o barulho das ruas n\u00e3o chegue at\u00e9 sua resid\u00eancia. Embora seja bom para todos os moradores, \u00e9 ainda mais ben\u00e9fico se o pr\u00e9dio fica localizado nos grandes centros urbanos, onde h\u00e1 o barulho dos carros, de constru\u00e7\u00f5es e pessoas.<\/p>\n\n\n\n<p>O \u00faltimo andar tamb\u00e9m costuma ficar afastado das \u00e1reas de lazer. Com isso, os sons desses ambientes n\u00e3o chegam at\u00e9 ali.<\/p>\n\n\n\n<figure class=\"wp-block-image\"><img decoding=\"async\" src=\"https:\/\/lh4.googleusercontent.com\/2XVPd_KG823NMvPYPQT8sR5nXrJT_96aBY3CQDmu74t99ywfEDUAI7YO0u7Ml92aij7Y_iemqcwFb-ETjVhDSjDx31DZFHPBjjkfp6KkqK9zb_Hu1V--A7HIFgHwRhRpKNms5IDx5EE_6vFHKspK204gLmNA9svbUN9sPO4ad8TjDP1Za_YoWQlebg\" alt=\"andar\"\/><\/figure>\n\n\n\n<h2 class=\"wp-block-heading\"><strong>Conforto<\/strong><\/h2>\n\n\n\n<p>Muitos escolhem viver em im\u00f3veis no \u00faltimo andar devido \u00e0 privacidade que oferecem. Distante dos vizinhos e com menos resid\u00eancias com vis\u00e3o para suas janelas, \u00e9 um dos locais mais seguros e tranquilos dos empreendimentos.<\/p>\n\n\n\n<p>Esse conforto tamb\u00e9m reflete na dist\u00e2ncia entre as resid\u00eancias, reduzindo as chances de proximidade com os vizinhos indesejados.<\/p>\n\n\n\n<h2 class=\"wp-block-heading\"><strong>Valoriza\u00e7\u00e3o<\/strong><\/h2>\n\n\n\n<p>Devido a todas as vantagens, os apartamentos dos \u00faltimos andares s\u00e3o melhor avaliados. Isso atrai investidores que encaram a compra com positividade, mesmo d\u00e9cadas ap\u00f3s sua constru\u00e7\u00e3o.<\/p>\n\n\n\n<h2 class=\"wp-block-heading\"><strong>Vista privilegiada<\/strong><\/h2>\n\n\n\n<p>Do alto, a vista da cidade, seja em centros urbanos, \u00e1reas tur\u00edsticas ou ambientes afastados, torna-se uma verdadeira obra de arte, onde \u00e9 poss\u00edvel observar as estrelas com facilidade, o p\u00f4r e o nascer do sol.<\/p>\n\n\n\n<p>Essa experi\u00eancia incr\u00edvel vem da vis\u00e3o ampla que a regi\u00e3o oferece e do baixo n\u00famero de obst\u00e1culos que essa altura conta.<\/p>\n\n\n\n<p>Sonha em trazer tudo isso para a sua realidade? Com a Conceito Im\u00f3veis voc\u00ea consegue.Conhe\u00e7a a <a href=\"https:\/\/conceitoimoveispg.com.br\/busca\/venda\/tipo_apartamento\/class_cobertura\">sele\u00e7\u00e3o <\/a>de im\u00f3veis nos \u00faltimos lugares que preparamos!<\/p>\n","protected":false},"excerpt":{"rendered":"<p>Muitos de n\u00f3s sonham em viver no \u00faltimo andar de pr\u00e9dios com muitos andares. Essa \u00e9 uma experi\u00eancia imperd\u00edvel que oferece exclusividade em cada detalhe, mas que pode exigir um investimento maior, pois estas s\u00e3o as unidades mais caras dispon\u00edveis&#8230;.<\/p>\n","protected":false},"author":2,"featured_media":564,"comment_status":"open","ping_status":"closed","sticky":false,"template":"","format":"standard","meta":{"footnotes":""},"categories":[3],"tags":[98,96],"class_list":["post-562","post","type-post","status-publish","format-standard","has-post-thumbnail","hentry","category-ramo-imobiliario","tag-apartamento","tag-ultimo-andar"],"_links":{"self":[{"href":"https:\/\/conceitoimoveispg.com.br\/blog\/wp-json\/wp\/v2\/posts\/562","targetHints":{"allow":["GET"]}}],"collection":[{"href":"https:\/\/conceitoimoveispg.com.br\/blog\/wp-json\/wp\/v2\/posts"}],"about":[{"href":"https:\/\/conceitoimoveispg.com.br\/blog\/wp-json\/wp\/v2\/types\/post"}],"author":[{"embeddable":true,"href":"https:\/\/conceitoimoveispg.com.br\/blog\/wp-json\/wp\/v2\/users\/2"}],"replies":[{"embeddable":true,"href":"https:\/\/conceitoimoveispg.com.br\/blog\/wp-json\/wp\/v2\/comments?post=562"}],"version-history":[{"count":1,"href":"https:\/\/conceitoimoveispg.com.br\/blog\/wp-json\/wp\/v2\/posts\/562\/revisions"}],"predecessor-version":[{"id":565,"href":"https:\/\/conceitoimoveispg.com.br\/blog\/wp-json\/wp\/v2\/posts\/562\/revisions\/565"}],"wp:featuredmedia":[{"embeddable":true,"href":"https:\/\/conceitoimoveispg.com.br\/blog\/wp-json\/wp\/v2\/media\/564"}],"wp:attachment":[{"href":"https:\/\/conceitoimoveispg.com.br\/blog\/wp-json\/wp\/v2\/media?parent=562"}],"wp:term":[{"taxonomy":"category","embeddable":true,"href":"https:\/\/conceitoimoveispg.com.br\/blog\/wp-json\/wp\/v2\/categories?post=562"},{"taxonomy":"post_tag","embeddable":true,"href":"https:\/\/conceitoimoveispg.com.br\/blog\/wp-json\/wp\/v2\/tags?post=562"}],"curies":[{"name":"wp","href":"https:\/\/api.w.org\/{rel}","templated":true}]}}