{"id":647,"date":"2023-02-15T09:50:00","date_gmt":"2023-02-15T12:50:00","guid":{"rendered":"https:\/\/conceitoimoveispg.com.br\/blog\/?p=647"},"modified":"2023-04-12T16:36:02","modified_gmt":"2023-04-12T19:36:02","slug":"espacos-pequenos-sao-excelentes-desafios","status":"publish","type":"post","link":"https:\/\/conceitoimoveispg.com.br\/blog\/espacos-pequenos-sao-excelentes-desafios\/","title":{"rendered":"Espa\u00e7os pequenos s\u00e3o excelentes desafios."},"content":{"rendered":"\n<p>Os apartamentos pequenos s\u00e3o excelentes op\u00e7\u00f5es para quem deseja morar sozinho ou dividir o <a href=\"https:\/\/conceitoimoveispg.com.br\/blog\/page\/2\/\">apartamento em casal<\/a>.<\/p>\n\n\n\n<p><strong>Aconchegantes e cheios de charme<\/strong>, voc\u00ea pode imprimir a sua ess\u00eancia nestes im\u00f3veis atrav\u00e9s de planejamento e criatividade!<\/p>\n\n\n\n<p>Quer saber como deixar seu ap\u00eazinho ainda mais elegante? Confira neste post!<\/p>\n\n\n\n<p>&#x1f499; Leia tamb\u00e9m: <a href=\"https:\/\/conceitoimoveispg.com.br\/blog\/qual-e-o-andar-ideal-do-apartamento\/\">Qual \u00e9 o andar ideal do apartamento?<\/a>&nbsp;<\/p>\n\n\n\n<p><strong>O que voc\u00ea vai ver neste artigo:&nbsp;<\/strong><\/p>\n\n\n\n<ul class=\"wp-block-list\">\n<li>Detalhes na hora decorar a sua sala;<\/li>\n\n\n\n<li>A import\u00e2ncia da multifuncionalidade;<\/li>\n\n\n\n<li>A ilumina\u00e7\u00e3o e a amplitude do apartamento.<\/li>\n<\/ul>\n\n\n\n<p><strong>Decorar um apartamento \u00e9 um desafio e tanto, mas longe de ser imposs\u00edvel<\/strong><\/p>\n\n\n\n<p>Im\u00f3veis pequenos s\u00e3o uma <strong>excelente <\/strong>escolha para quem precisa de praticidade, funcionalidade e menos dores de cabe\u00e7a com manuten\u00e7\u00e3o e limpeza.&nbsp;<\/p>\n\n\n\n<p>Para otimizar o espa\u00e7o, contudo, \u00e9 fundamental escolher cada m\u00f3vel para n\u00e3o comprometer o conforto e a comodidade do ambiente.&nbsp;<\/p>\n\n\n\n<p>Separamos algumas inspira\u00e7\u00f5es para voc\u00ea decorar seu apartamento e organizar os c\u00f4modos de forma personalizada e encantadora! &#x2764;&#xfe0f;<\/p>\n\n\n\n<p><a href=\"https:\/\/conceitoimoveispg.com.br\/blog\/vai-mudar-confira-as-melhores-dicas-de-mudanca\/\">Vai mudar? Confira as MELHORES dicas de mudan\u00e7a!<\/a>&nbsp;<\/p>\n\n\n\n<ul class=\"wp-block-list\">\n<li><strong>Pense nos detalhes na hora de decorar a sua sala<\/strong><\/li>\n<\/ul>\n\n\n\n<p>Na maioria dos casos, a sala \u00e9 o cart\u00e3o de visitas da sua casa, n\u00e3o \u00e9 mesmo?<\/p>\n\n\n\n<p>E, por ser o ambiente mais movimentado e contar com um espa\u00e7o reduzido, fazer a decora\u00e7\u00e3o desse c\u00f4modo requer cuidado e aten\u00e7\u00e3o para manter a funcionalidade e a praticidade no dia a dia, sem perder o conforto, a sofistica\u00e7\u00e3o e o aconchego.<\/p>\n\n\n\n<p>Para conferir harmonia do espa\u00e7o, escolha muito bem o revestimento e fa\u00e7a o planejamento dos m\u00f3veis para que a sua sala tenha mais amplitude.&nbsp;<\/p>\n\n\n\n<p>Na paleta de cores, utilizar cores neutras \u00e9 uma forte aposta.&nbsp;<\/p>\n\n\n\n<p>Ainda, utilizar como base cores como bege, cinza e branco, mesclando objetos decorativos como plantas, vasos, tapetes e almofadas com certeza agrega bastante ao ambiente.&nbsp;<\/p>\n\n\n\n<ul class=\"wp-block-list\">\n<li><strong>Aposte na multifuncionalidade<\/strong><\/li>\n<\/ul>\n\n\n\n<p>Lembre-se sempre que menos \u00e9 mais, por isso, aproveite a decora\u00e7\u00e3o, mas sem exageros.&nbsp;<\/p>\n\n\n\n<p>Isso n\u00e3o significa que sua decora\u00e7\u00e3o precisa ser minimalista, mas sim que voc\u00ea precisa realizar escolhas cautelosas.&nbsp;<\/p>\n\n\n\n<p>Priorize sempre o conforto e busque se desfazer daquilo que voc\u00ea j\u00e1 n\u00e3o tem necessidade.<\/p>\n\n\n\n<p>Essa organiza\u00e7\u00e3o deixar\u00e1 o ambiente mais funcional, livre de inc\u00f4modos.<\/p>\n\n\n\n<ul class=\"wp-block-list\">\n<li><strong>Organiza\u00e7\u00e3o \u00e9 a sua melhor amiga<\/strong><strong>&nbsp;<\/strong><\/li>\n<\/ul>\n\n\n\n<p>Assim como a funcionalidade, a organiza\u00e7\u00e3o \u00e9 essencial para manter um espa\u00e7o otimizado.&nbsp;<\/p>\n\n\n\n<p>Por isso, busque sempre coordenar bem a organiza\u00e7\u00e3o, desde elementos pequenos at\u00e9 os maiores, assim voc\u00ea consegue ter clareza mental para manter o ambiente.&nbsp;<\/p>\n\n\n\n<ul class=\"wp-block-list\">\n<li><strong>A ilumina\u00e7\u00e3o faz toda a diferen\u00e7a&nbsp;<\/strong><\/li>\n<\/ul>\n\n\n\n<p>A aposta na ilumina\u00e7\u00e3o \u00e9 certeira.&nbsp;<\/p>\n\n\n\n<p>Caso voc\u00ea tenha janelas grandes, deixe a luz do sol entrar e o ar circular. Se n\u00e3o tiver essa possibilidade, d\u00ea prefer\u00eancia \u00e0 luz branca artificial em ambientes que voc\u00ea precisa de mais foco, como a cozinha, lavanderia e escrit\u00f3rio.&nbsp;<\/p>\n\n\n\n<p>A luz amarela \u00e9 perfeita para voc\u00ea deixar o ambiente confort\u00e1vel e aconchegante, como quarto e sala.&nbsp;<\/p>\n\n\n\n<p>Agora que <strong>voc\u00ea j\u00e1 sabe como come\u00e7ar a decorar seu ambiente<\/strong>, que tal adquirir um novo ap\u00ea?<\/p>\n\n\n\n<p>Na Conceito, voc\u00ea encontra diversas op\u00e7\u00f5es de im\u00f3vel com localiza\u00e7\u00e3o privilegiada!<\/p>\n\n\n\n<p><a href=\"https:\/\/conceitoimoveispg.com.br\/\">Venha conferir!<\/a><\/p>\n","protected":false},"excerpt":{"rendered":"<p>Os apartamentos pequenos s\u00e3o excelentes op\u00e7\u00f5es para quem deseja morar sozinho ou dividir o apartamento em casal. Aconchegantes e cheios de charme, voc\u00ea pode imprimir a sua ess\u00eancia nestes im\u00f3veis atrav\u00e9s de planejamento e criatividade! Quer saber como deixar seu&#8230;<\/p>\n","protected":false},"author":2,"featured_media":463,"comment_status":"open","ping_status":"closed","sticky":false,"template":"","format":"standard","meta":{"footnotes":""},"categories":[20,12],"tags":[7,51],"class_list":["post-647","post","type-post","status-publish","format-standard","has-post-thumbnail","hentry","category-decoracao","category-imoveis","tag-conceito-imoveis","tag-ponta-grossa"],"_links":{"self":[{"href":"https:\/\/conceitoimoveispg.com.br\/blog\/wp-json\/wp\/v2\/posts\/647","targetHints":{"allow":["GET"]}}],"collection":[{"href":"https:\/\/conceitoimoveispg.com.br\/blog\/wp-json\/wp\/v2\/posts"}],"about":[{"href":"https:\/\/conceitoimoveispg.com.br\/blog\/wp-json\/wp\/v2\/types\/post"}],"author":[{"embeddable":true,"href":"https:\/\/conceitoimoveispg.com.br\/blog\/wp-json\/wp\/v2\/users\/2"}],"replies":[{"embeddable":true,"href":"https:\/\/conceitoimoveispg.com.br\/blog\/wp-json\/wp\/v2\/comments?post=647"}],"version-history":[{"count":1,"href":"https:\/\/conceitoimoveispg.com.br\/blog\/wp-json\/wp\/v2\/posts\/647\/revisions"}],"predecessor-version":[{"id":648,"href":"https:\/\/conceitoimoveispg.com.br\/blog\/wp-json\/wp\/v2\/posts\/647\/revisions\/648"}],"wp:featuredmedia":[{"embeddable":true,"href":"https:\/\/conceitoimoveispg.com.br\/blog\/wp-json\/wp\/v2\/media\/463"}],"wp:attachment":[{"href":"https:\/\/conceitoimoveispg.com.br\/blog\/wp-json\/wp\/v2\/media?parent=647"}],"wp:term":[{"taxonomy":"category","embeddable":true,"href":"https:\/\/conceitoimoveispg.com.br\/blog\/wp-json\/wp\/v2\/categories?post=647"},{"taxonomy":"post_tag","embeddable":true,"href":"https:\/\/conceitoimoveispg.com.br\/blog\/wp-json\/wp\/v2\/tags?post=647"}],"curies":[{"name":"wp","href":"https:\/\/api.w.org\/{rel}","templated":true}]}}