{"id":754,"date":"2023-09-05T14:33:00","date_gmt":"2023-09-05T17:33:00","guid":{"rendered":"https:\/\/conceitoimoveispg.com.br\/blog\/?p=754"},"modified":"2023-08-31T13:50:12","modified_gmt":"2023-08-31T16:50:12","slug":"decoracao-em-apartamento-alugado","status":"publish","type":"post","link":"https:\/\/conceitoimoveispg.com.br\/blog\/decoracao-em-apartamento-alugado\/","title":{"rendered":"Decora\u00e7\u00e3o em apartamento alugado\u00a0"},"content":{"rendered":"\n<p>Quer tornar seu apartamento em um verdadeiro ref\u00fagio pessoal? A <a href=\"https:\/\/conceitoimoveispg.com.br\/blog\/\" target=\"_blank\" rel=\"noreferrer noopener\">Conceito<\/a> sabe que nem sempre \u00e9 f\u00e1cil deixar o apartamento locado a nossa cara. Por isso, hoje trouxemos algumas dicas para deixar a decora\u00e7\u00e3o em apartamento alugado do seu jeitinho:&nbsp;<\/p>\n\n\n\n<h2 class=\"wp-block-heading\"><strong>Cores&nbsp;<\/strong>&nbsp;<\/h2>\n\n\n\n<p>Nada como cores para criar a atmosfera ideal. Para isso, opte por tons neutros nas paredes, como branco ou tons suaves de cinza, que conferem amplitude e facilidade para harmonizar com acess\u00f3rios coloridos.\u00a0<\/p>\n\n\n\n<p>Quer um toque de ousadia? Ent\u00e3o invista em almofadas, quadros e tapetes vibrantes para um contraste encantador.\u00a0<\/p>\n\n\n\n<h2 class=\"wp-block-heading\"><strong>M\u00f3veis vers\u00e1teis<\/strong>&nbsp;<\/h2>\n\n\n\n<p>Aposte em m\u00f3veis vers\u00e1teis, como sof\u00e1-cama, mesas dobr\u00e1veis e prateleiras modulares. Al\u00e9m de economizar espa\u00e7o, eles oferecem funcionalidade sem comprometer o estilo. Lembre-se de que a adaptabilidade \u00e9 a chave para um apartamento alugado!&nbsp;<\/p>\n\n\n\n<h2 class=\"wp-block-heading\"><strong>Personaliza\u00e7\u00e3o com adesivos<\/strong>&nbsp;<\/h2>\n\n\n\n<p>Quer uma solu\u00e7\u00e3o tempor\u00e1ria e cheia de personalidade? Adesivos remov\u00edveis s\u00e3o seus melhores amigos! Afinal, eles podem transformar azulejos sem gra\u00e7a e at\u00e9 mesmo dar vida aos arm\u00e1rios da cozinha. E quando quiser mudar? Ent\u00e3o \u00e9 s\u00f3 retirar sem deixar marcas!<\/p>\n\n\n\n<p><a href=\"https:\/\/conceitoimoveispg.com.br\/blog\/o-que-considerar-ao-alugar-um-imovel\/\" target=\"_blank\" rel=\"noreferrer noopener\">&#x1f499; Leia tamb\u00e9m: O que considerar ao alugar um im\u00f3vel?<\/a>&nbsp;<\/p>\n\n\n\n<h2 class=\"wp-block-heading\"><strong>Ilumina\u00e7\u00e3o<\/strong>&nbsp;<\/h2>\n\n\n\n<p>A ilumina\u00e7\u00e3o faz maravilhas pela atmosfera. Por isso, invista em abajures, lumin\u00e1rias de piso ou luzes de corda.\u00a0\u00a0<\/p>\n\n\n\n<p>As l\u00e2mpadas com tons amarelos trazem uma sensa\u00e7\u00e3o de aconchego, por isso, s\u00e3o ideais para relaxar ap\u00f3s um dia agitado.\u00a0<\/p>\n\n\n\n<h2 class=\"wp-block-heading\"><strong>Espelhos para ampliar<\/strong>&nbsp;<\/h2>\n\n\n\n<p>Quer um truque simples para fazer seu espa\u00e7o parecer maior? Espelhos! Estrategicamente posicionados, eles refletem a luz e criam uma ilus\u00e3o de amplitude. Al\u00e9m disso, espelhos bem enquadrados s\u00e3o pe\u00e7as decorativas por si s\u00f3.&nbsp;<\/p>\n\n\n\n<h2 class=\"wp-block-heading\"><strong>D\u00ea um toque de natureza<\/strong>&nbsp;<\/h2>\n\n\n\n<p><a href=\"https:\/\/conceitoimoveispg.com.br\/blog\/decoracao-com-plantas\/\" target=\"_blank\" rel=\"noreferrer noopener\">As plantas<\/a> s\u00e3o aliadas poderosas na decora\u00e7\u00e3o. Ademais, vasos de diferentes tamanhos adicionam vida e frescor. N\u00e3o tem muito tempo para cuidar delas? Ent\u00e3o aposte em suculentas e cactos que s\u00e3o op\u00e7\u00f5es pr\u00e1ticas e charmosas.\u00a0<\/p>\n\n\n\n<h2 class=\"wp-block-heading\"><strong>Detalhes fazem a diferen\u00e7a<\/strong>&nbsp;<\/h2>\n\n\n\n<p>Personalize seu lar com objetos que tenham significado para voc\u00ea. Dessa forma, voc\u00ea pode apostar em itens de viagem, lembran\u00e7as de fam\u00edlia ou obras de arte \u00fanicas que contam sua hist\u00f3ria e enriquecem a decora\u00e7\u00e3o com emo\u00e7\u00e3o.\u00a0<\/p>\n\n\n\n<h2 class=\"wp-block-heading\"><strong>Inspire-se e experimente<\/strong>&nbsp;<\/h2>\n\n\n\n<p>N\u00e3o existe um jeito certo ou errado de decorar. Por isso, inspire-se em revistas, blogs e redes sociais, mas n\u00e3o tenha medo de experimentar. Afinal, \u00e9 a sua casa tempor\u00e1ria, e ela deve refletir quem voc\u00ea \u00e9!&nbsp;<\/p>\n","protected":false},"excerpt":{"rendered":"<p>Quer tornar seu apartamento em um verdadeiro ref\u00fagio pessoal? A Conceito sabe que nem sempre \u00e9 f\u00e1cil deixar o apartamento locado a nossa cara. Por isso, hoje trouxemos algumas dicas para deixar a decora\u00e7\u00e3o em apartamento alugado do seu jeitinho:&nbsp;&#8230;<\/p>\n","protected":false},"author":2,"featured_media":755,"comment_status":"open","ping_status":"closed","sticky":false,"template":"","format":"standard","meta":{"footnotes":""},"categories":[1],"tags":[],"class_list":["post-754","post","type-post","status-publish","format-standard","has-post-thumbnail","hentry","category-uncategorized"],"_links":{"self":[{"href":"https:\/\/conceitoimoveispg.com.br\/blog\/wp-json\/wp\/v2\/posts\/754","targetHints":{"allow":["GET"]}}],"collection":[{"href":"https:\/\/conceitoimoveispg.com.br\/blog\/wp-json\/wp\/v2\/posts"}],"about":[{"href":"https:\/\/conceitoimoveispg.com.br\/blog\/wp-json\/wp\/v2\/types\/post"}],"author":[{"embeddable":true,"href":"https:\/\/conceitoimoveispg.com.br\/blog\/wp-json\/wp\/v2\/users\/2"}],"replies":[{"embeddable":true,"href":"https:\/\/conceitoimoveispg.com.br\/blog\/wp-json\/wp\/v2\/comments?post=754"}],"version-history":[{"count":1,"href":"https:\/\/conceitoimoveispg.com.br\/blog\/wp-json\/wp\/v2\/posts\/754\/revisions"}],"predecessor-version":[{"id":756,"href":"https:\/\/conceitoimoveispg.com.br\/blog\/wp-json\/wp\/v2\/posts\/754\/revisions\/756"}],"wp:featuredmedia":[{"embeddable":true,"href":"https:\/\/conceitoimoveispg.com.br\/blog\/wp-json\/wp\/v2\/media\/755"}],"wp:attachment":[{"href":"https:\/\/conceitoimoveispg.com.br\/blog\/wp-json\/wp\/v2\/media?parent=754"}],"wp:term":[{"taxonomy":"category","embeddable":true,"href":"https:\/\/conceitoimoveispg.com.br\/blog\/wp-json\/wp\/v2\/categories?post=754"},{"taxonomy":"post_tag","embeddable":true,"href":"https:\/\/conceitoimoveispg.com.br\/blog\/wp-json\/wp\/v2\/tags?post=754"}],"curies":[{"name":"wp","href":"https:\/\/api.w.org\/{rel}","templated":true}]}}